{"id":2210,"date":"2019-01-29T10:21:03","date_gmt":"2019-01-29T10:21:03","guid":{"rendered":"https:\/\/landrecies.com\/?p=2210"},"modified":"2019-12-07T10:03:58","modified_gmt":"2019-12-07T10:03:58","slug":"deces-de-pascal-hoyaux","status":"publish","type":"post","link":"https:\/\/landrecies.com\/index.php\/2019\/01\/29\/deces-de-pascal-hoyaux\/","title":{"rendered":"D\u00e9c\u00e8s de Pascal Hoyaux"},"content":{"rendered":"<p>[et_pb_section fb_built=\u00a0\u00bb1&Prime; _builder_version=\u00a0\u00bb3.22&Prime;][et_pb_row _builder_version=\u00a0\u00bb3.25&Prime; column_structure=\u00a0\u00bb1_4,3_4&Prime;][et_pb_column type=\u00a0\u00bb1_4&Prime; _builder_version=\u00a0\u00bb3.25&Prime; custom_padding=\u00a0\u00bb|||\u00a0\u00bb custom_padding__hover=\u00a0\u00bb|||\u00a0\u00bb][et_pb_image src=\u00a0\u00bbhttp:\/\/landrecies.com\/wp-content\/uploads\/2019\/01\/M-Hoyaux2.jpg\u00a0\u00bb align_tablet=\u00a0\u00bbcenter\u00a0\u00bb align_last_edited=\u00a0\u00bbon|desktop\u00a0\u00bb _builder_version=\u00a0\u00bb3.23&Prime;][\/et_pb_image][\/et_pb_column][et_pb_column type=\u00a0\u00bb3_4&Prime; _builder_version=\u00a0\u00bb3.25&Prime; custom_padding=\u00a0\u00bb|||\u00a0\u00bb custom_padding__hover=\u00a0\u00bb|||\u00a0\u00bb][et_pb_text _builder_version=\u00a0\u00bb3.27.4&Prime;]<\/p>\n<p>Ce lundi, nous avons appris avec tristesse le d\u00e9c\u00e8s de Pascal Hoyaux, bourgmestre de Manage.<\/p>\n<p>Les drapeaux belge et fran\u00e7ais seront en berne sur le fronton de la mairie pour lui rendre hommage.<\/p>\n<p>Sinc\u00e8res condol\u00e9ances \u00e0 sa famille et \u00e0 nos amis Manageois.<\/p>\n<div class=\"text_exposed_show\">\n<p>(Photos prises \u00e0 Landrecies en 2017 \u00e0 l&rsquo;occasion du 55e anniversaire du jumelage)<\/p>\n<\/div>\n<p>[\/et_pb_text][\/et_pb_column][\/et_pb_row][et_pb_row _builder_version=\u00a0\u00bb3.25&Prime; column_structure=\u00a0\u00bb1_2,1_2&Prime;][et_pb_column type=\u00a0\u00bb1_2&Prime; _builder_version=\u00a0\u00bb3.25&Prime; custom_padding=\u00a0\u00bb|||\u00a0\u00bb custom_padding__hover=\u00a0\u00bb|||\u00a0\u00bb][et_pb_image src=\u00a0\u00bbhttp:\/\/landrecies.com\/wp-content\/uploads\/2019\/01\/M-Hoyaux.jpg\u00a0\u00bb align_tablet=\u00a0\u00bbcenter\u00a0\u00bb align_last_edited=\u00a0\u00bbon|desktop\u00a0\u00bb _builder_version=\u00a0\u00bb3.23&Prime;][\/et_pb_image][\/et_pb_column][et_pb_column type=\u00a0\u00bb1_2&Prime; _builder_version=\u00a0\u00bb3.25&Prime; custom_padding=\u00a0\u00bb|||\u00a0\u00bb custom_padding__hover=\u00a0\u00bb|||\u00a0\u00bb][et_pb_image src=\u00a0\u00bbhttp:\/\/landrecies.com\/wp-content\/uploads\/2019\/01\/M-Hoyaux3.jpg\u00a0\u00bb align_tablet=\u00a0\u00bbcenter\u00a0\u00bb align_last_edited=\u00a0\u00bbon|desktop\u00a0\u00bb _builder_version=\u00a0\u00bb3.23&Prime;][\/et_pb_image][\/et_pb_column][\/et_pb_row][\/et_pb_section]<\/p>\n","protected":false},"excerpt":{"rendered":"<p>Ce lundi, nous avons appris avec tristesse le d\u00e9c\u00e8s de Pascal Hoyaux, bourgmestre de Manage. Les drapeaux belge et fran\u00e7ais seront en berne sur le fronton de la mairie pour lui rendre hommage. Sinc\u00e8res condol\u00e9ances \u00e0 sa famille et \u00e0 nos amis Manageois. (Photos prises \u00e0 Landrecies en 2017 \u00e0 l&rsquo;occasion du 55e anniversaire du [&hellip;]<\/p>\n","protected":false},"author":5,"featured_media":2213,"comment_status":"open","ping_status":"open","sticky":false,"template":"","format":"standard","meta":{"_et_pb_use_builder":"on","_et_pb_old_content":"","_et_gb_content_width":"","_eb_attr":"","footnotes":""},"categories":[10],"tags":[],"class_list":["post-2210","post","type-post","status-publish","format-standard","has-post-thumbnail","hentry","category-actu","et-has-post-format-content","et_post_format-et-post-format-standard"],"_links":{"self":[{"href":"https:\/\/landrecies.com\/index.php\/wp-json\/wp\/v2\/posts\/2210","targetHints":{"allow":["GET"]}}],"collection":[{"href":"https:\/\/landrecies.com\/index.php\/wp-json\/wp\/v2\/posts"}],"about":[{"href":"https:\/\/landrecies.com\/index.php\/wp-json\/wp\/v2\/types\/post"}],"author":[{"embeddable":true,"href":"https:\/\/landrecies.com\/index.php\/wp-json\/wp\/v2\/users\/5"}],"replies":[{"embeddable":true,"href":"https:\/\/landrecies.com\/index.php\/wp-json\/wp\/v2\/comments?post=2210"}],"version-history":[{"count":4,"href":"https:\/\/landrecies.com\/index.php\/wp-json\/wp\/v2\/posts\/2210\/revisions"}],"predecessor-version":[{"id":3720,"href":"https:\/\/landrecies.com\/index.php\/wp-json\/wp\/v2\/posts\/2210\/revisions\/3720"}],"wp:featuredmedia":[{"embeddable":true,"href":"https:\/\/landrecies.com\/index.php\/wp-json\/wp\/v2\/media\/2213"}],"wp:attachment":[{"href":"https:\/\/landrecies.com\/index.php\/wp-json\/wp\/v2\/media?parent=2210"}],"wp:term":[{"taxonomy":"category","embeddable":true,"href":"https:\/\/landrecies.com\/index.php\/wp-json\/wp\/v2\/categories?post=2210"},{"taxonomy":"post_tag","embeddable":true,"href":"https:\/\/landrecies.com\/index.php\/wp-json\/wp\/v2\/tags?post=2210"}],"curies":[{"name":"wp","href":"https:\/\/api.w.org\/{rel}","templated":true}]}}